{"id":1267,"date":"2022-06-19T16:09:27","date_gmt":"2022-06-19T16:09:27","guid":{"rendered":"https:\/\/uus.islam.pri.ee\/?p=1267"},"modified":"2022-06-19T16:09:27","modified_gmt":"2022-06-19T16:09:27","slug":"omaijaadide-dunastia","status":"publish","type":"post","link":"https:\/\/islam.pri.ee\/?p=1267","title":{"rendered":"Omaijaadide d\u00fcnastia"},"content":{"rendered":"\n<p>Peale sisev\u00f5itlusi Ali ja Omaijaadide vahel ning Omaijaadide v\u00f5itu viidi kalifaadi pealinn ja keskus S\u00fc\u00fcriasse. Uueks pealinnaks sai Damaskus.<\/p>\n\n\n\n<ul class=\"wp-block-list\"><li><strong>Muawiya ibn Abu Sufyan &#8211;<\/strong>&nbsp;661\u2013680<\/li><li><strong>Yazid I<\/strong>&nbsp;&#8211; 680\u2013683<\/li><li><strong>Muawiya II<\/strong>&nbsp;&#8211; 683\u2013684<\/li><li><strong>Marwan I&nbsp;<\/strong>&#8211; 684\u2013685<\/li><li><strong>Abd al-Malik<\/strong>&nbsp;&#8211; 685\u2013705<\/li><li><strong>al-Walid I<\/strong>&nbsp;&#8211; 705\u2013715<\/li><li><strong>Sulayman ibn Abd al-Malik<\/strong>&nbsp;&#8211; 715\u2013717<\/li><li><strong>Umar II<\/strong>&nbsp;&#8211; 717\u2013720 &nbsp;<\/li><li><strong>Yazid II<\/strong>&nbsp;&#8211; 720\u2013724<\/li><li><strong>Hisham ibn Abd al-Malik<\/strong>&nbsp;&#8211; 724\u2013743<\/li><li><strong>Al-Walid II&nbsp;<\/strong>&#8211; 743\u2013744<\/li><li><strong>Yazid III al-Walid&nbsp;<\/strong>&#8211; 744<\/li><li><strong>Ibrahim ibn al-Walid<\/strong>&nbsp;&#8211; 744<\/li><li><strong>Marwan II<\/strong>&nbsp;&#8211; 744\u2013750<\/li><li><strong>Abd ar-Rahman<\/strong>&nbsp;\u2013 756 \u2013 p\u00f5genes viimase elusa Omaijaadide printsina Hispaaniasse ja l\u00f5i seal Cordoba emiraadi.<\/li><\/ul>\n\n\n\n<figure class=\"wp-block-image size-large is-resized\"><img loading=\"lazy\" decoding=\"async\" src=\"https:\/\/uus.islam.pri.ee\/wp-content\/uploads\/2022\/06\/Omaijaadid-tabel-1024x680.gif\" alt=\"\" class=\"wp-image-1268\" width=\"768\" height=\"510\" srcset=\"https:\/\/uus.islam.pri.ee\/wp-content\/uploads\/2022\/06\/Omaijaadid-tabel-1024x680.gif 1024w, https:\/\/uus.islam.pri.ee\/wp-content\/uploads\/2022\/06\/Omaijaadid-tabel-300x199.gif 300w, https:\/\/uus.islam.pri.ee\/wp-content\/uploads\/2022\/06\/Omaijaadid-tabel-768x510.gif 768w\" sizes=\"auto, (max-width: 768px) 100vw, 768px\" \/><\/figure>\n","protected":false},"excerpt":{"rendered":"<p>Peale sisev\u00f5itlusi Ali ja Omaijaadide vahel ning Omaijaadide v\u00f5itu viidi kalifaadi pealinn ja keskus S\u00fc\u00fcriasse. Uueks pealinnaks sai Damaskus. Muawiya ibn Abu Sufyan &#8211;&nbsp;661\u2013680 Yazid I&nbsp;&#8211; 680\u2013683 Muawiya II&nbsp;&#8211; 683\u2013684 Marwan I&nbsp;&#8211; 684\u2013685 Abd al-Malik&nbsp;&#8211; 685\u2013705 al-Walid I&nbsp;&#8211; 705\u2013715 Sulayman ibn Abd al-Malik&nbsp;&#8211; 715\u2013717 Umar II&nbsp;&#8211; 717\u2013720 &nbsp; Yazid II&nbsp;&#8211; 720\u2013724 Hisham ibn Abd al-Malik&nbsp;&#8211; [&hellip;]<\/p>\n","protected":false},"author":1,"featured_media":0,"comment_status":"closed","ping_status":"closed","sticky":false,"template":"","format":"standard","meta":{"footnotes":""},"categories":[37],"tags":[],"class_list":["post-1267","post","type-post","status-publish","format-standard","hentry","category-islami-ajalugu"],"_links":{"self":[{"href":"https:\/\/islam.pri.ee\/index.php?rest_route=\/wp\/v2\/posts\/1267","targetHints":{"allow":["GET"]}}],"collection":[{"href":"https:\/\/islam.pri.ee\/index.php?rest_route=\/wp\/v2\/posts"}],"about":[{"href":"https:\/\/islam.pri.ee\/index.php?rest_route=\/wp\/v2\/types\/post"}],"author":[{"embeddable":true,"href":"https:\/\/islam.pri.ee\/index.php?rest_route=\/wp\/v2\/users\/1"}],"replies":[{"embeddable":true,"href":"https:\/\/islam.pri.ee\/index.php?rest_route=%2Fwp%2Fv2%2Fcomments&post=1267"}],"version-history":[{"count":1,"href":"https:\/\/islam.pri.ee\/index.php?rest_route=\/wp\/v2\/posts\/1267\/revisions"}],"predecessor-version":[{"id":1269,"href":"https:\/\/islam.pri.ee\/index.php?rest_route=\/wp\/v2\/posts\/1267\/revisions\/1269"}],"wp:attachment":[{"href":"https:\/\/islam.pri.ee\/index.php?rest_route=%2Fwp%2Fv2%2Fmedia&parent=1267"}],"wp:term":[{"taxonomy":"category","embeddable":true,"href":"https:\/\/islam.pri.ee\/index.php?rest_route=%2Fwp%2Fv2%2Fcategories&post=1267"},{"taxonomy":"post_tag","embeddable":true,"href":"https:\/\/islam.pri.ee\/index.php?rest_route=%2Fwp%2Fv2%2Ftags&post=1267"}],"curies":[{"name":"wp","href":"https:\/\/api.w.org\/{rel}","templated":true}]}}