{"id":1250,"date":"2022-06-19T15:26:19","date_gmt":"2022-06-19T15:26:19","guid":{"rendered":"https:\/\/uus.islam.pri.ee\/?p=1250"},"modified":"2022-06-19T15:26:19","modified_gmt":"2022-06-19T15:26:19","slug":"kes-on-kaliif","status":"publish","type":"post","link":"https:\/\/islam.pri.ee\/?p=1250","title":{"rendered":"Kes on kaliif?"},"content":{"rendered":"\n<p><strong>Kaliif<\/strong>i all m\u00f5eldakse tavaliselt sunniitide \u00fclemaailmse usujuhi tiitlit (loodi 632 ja kaotati 3. m\u00e4rtsil 1924). See on olnud aga ka \u00fche \u0161iiitide sekti (Fatimiidide) valitseja- ja usujuhi tiitel ning C\u00f3rdobas valitses samuti oma kaliif. T\u00e4nap\u00e4eval tiitel enam kasutuses pole.<br><strong>Kalifaad<\/strong>i all m\u00f5eldakse kaliifi poolt valitsetud riiki (impeeriumi).<br>Peale Muhammedi (saws) surma oli islamikogukonnal vaja uut juhti, kes oleks nii usuline kui poliitiline valitseja. Nii tekkiski kaliifi (Muhammedi (saws) j\u00e4rglase) ametikoht. Esimeseks kaliifiks sai\u00a0<strong>Abu Bakr<\/strong>.<br>Esialgu oli kaliifil v\u00e4ga tugev v\u00f5im. Temas olid \u00fchendatud nii absolutistliku riigipea kui ka universaalse usujuhi institutsioonid. Siiski ei peetud teda enamasti v\u00e4ljavalituks ega eriliseks, vaid suhteliselt tavaliseks inimeseks, kel on aga t\u00e4ita v\u00e4ga oluline \u00fclesanne.<br>Esimest nelja kaliifi peavad sunniidid Allahi poolt \u00f5igesti juhituks (Rashidun), \u0161iiidid aktsepteerivad aga vaid neljandat kaliifi,\u00a0<strong>Ali ibn Abu Talib<\/strong>it. Kui Ali 661 tapeti, sai v\u00f5imule\u00a0<strong>Omaijaadide d\u00fcnastia<\/strong>. Nende ajal toimusid suurimad islamivallutused: P\u00f5hja-Aafrikas, Hispaanias ja Kesk-Aasia. Samuti piirati mitmel korral Konstantinoopolit. Omaijaadidest kaliifid olid k\u00fcll s\u00f5jaliselt ja majanduslikult edukad, kuid usu pinnal tekkis neil mitmeid vastuolusid. Seda kasutasid \u00e4ra\u00a0<strong>Abassiidid<\/strong>, kes 750 Kalifaadis v\u00f5imu haarasid. Abassiidide kalifaat kestis Bagdadis 1258. aastani, edasi Egiptuses 1517. aastani, mil\u00a0<strong>Osmanid<\/strong>\u00a0(t\u00fcrklased) tiitli \u00fcle v\u00f5tsid.<br>Abassiidide ajal oli 9.\u201313. sajandil islamitsivilisatsiooni \u00f5itseng: arendati edasi antiigi kultuurip\u00e4randit ning loodi uusi kultuuriv\u00e4\u00e4rtusi ning tehti mitmeid tehnoloogilisi uuendusi. Ilmselt tuntuim kaliif,\u00a0<strong>Harun ar-Ra\u0161id<\/strong>, p\u00e4rineb samuti sellest perioodist (9. sajandi algusest).<br>Aja jooksul Abassiidide v\u00f5im aga v\u00e4henes ning reaalne politiline v\u00f5im libises t\u00fcrgi h\u00f5imude k\u00e4tte, kes moodustasid alates 9. sajandist Kalifaadi s\u00f5jav\u00e4e p\u00f5hiosa. K\u00f5ige tugevamad neist olid\u00a0<strong>Seld\u017eukid<\/strong>, kes valitsesid Kalifaadis sultanitena 11.\u201312. sajandil. 12. sajandi l\u00f5pus hakkas kaliifiv\u00f5im t\u00e4nu Seld\u017eukkide n\u00f5rgenemisele taas tugevnema, kuid sellele arengule t\u00f5mbas kriipsu peale\u00a0<strong>mongolite invasioon<\/strong>, mis 1258. aastaks Kalifaadi h\u00e4vitas. Kaliifid p\u00f5genesid Egiptusesse, kus nad olid pelgalt usujuhid\u00a0<strong>Mamelukkide<\/strong>\u00a0sultaniv\u00f5imu all kuni 1517. aastani.<br>Siis vallutas Egiptuse T\u00fcrgi sultan\u00a0<strong>Selim I S\u00fcnge<\/strong>\u00a0ning viis kaliifi Istanbuli. P\u00e4rast m\u00f5ningast resideerimist T\u00fcrgi pealinnas lasi Selim kaliifi korruptsiooni t\u00f5ttu vangi heita ning omastas tema tiitli. Selimi poeg\u00a0<strong>Syleiman Tore<\/strong>\u00a0lasi kaliifi k\u00fcll vangist v\u00e4lja, ent sundis teda vandega k\u00f5igist kaliifi \u00f5igustest loobuma. Seej\u00e4rel oli kaliifi tiitel T\u00fcrgi sultanite k\u00e4es kuni 20. sajandi alguseni. 1924. aastal sundis aga ilmalikku T\u00fcrgit \u00fcles ehitav\u00a0<strong>Kemal Mustafa Atat\u00fcrk<\/strong>\u00a0viimase kaliifi tema tiitlist loobuma ning seda ei ole t\u00e4naseni enam kasutusele v\u00f5etud.<br>Peale kaliifide on l\u00e4bi ajaloo islamimaailmas olnud loomulikult ka hulgaliselt kohalikke d\u00fcnastiaid. (P\u00f5hjalikku (kuid prantsusekeelset) tabelit v\u00f5ib vaadata<a rel=\"noreferrer noopener\" href=\"http:\/\/www.islam.pri.ee\/img\/d%C3%BCnastiad.bmp\" target=\"_blank\">\u00a0<strong><u>siit<\/u><\/strong><\/a>.)<\/p>\n","protected":false},"excerpt":{"rendered":"<p>Kaliifi all m\u00f5eldakse tavaliselt sunniitide \u00fclemaailmse usujuhi tiitlit (loodi 632 ja kaotati 3. m\u00e4rtsil 1924). See on olnud aga ka \u00fche \u0161iiitide sekti (Fatimiidide) valitseja- ja usujuhi tiitel ning C\u00f3rdobas valitses samuti oma kaliif. T\u00e4nap\u00e4eval tiitel enam kasutuses pole.Kalifaadi all m\u00f5eldakse kaliifi poolt valitsetud riiki (impeeriumi).Peale Muhammedi (saws) surma oli islamikogukonnal vaja uut juhti, kes [&hellip;]<\/p>\n","protected":false},"author":1,"featured_media":0,"comment_status":"closed","ping_status":"closed","sticky":false,"template":"","format":"standard","meta":{"footnotes":""},"categories":[37],"tags":[],"class_list":["post-1250","post","type-post","status-publish","format-standard","hentry","category-islami-ajalugu"],"_links":{"self":[{"href":"https:\/\/islam.pri.ee\/index.php?rest_route=\/wp\/v2\/posts\/1250","targetHints":{"allow":["GET"]}}],"collection":[{"href":"https:\/\/islam.pri.ee\/index.php?rest_route=\/wp\/v2\/posts"}],"about":[{"href":"https:\/\/islam.pri.ee\/index.php?rest_route=\/wp\/v2\/types\/post"}],"author":[{"embeddable":true,"href":"https:\/\/islam.pri.ee\/index.php?rest_route=\/wp\/v2\/users\/1"}],"replies":[{"embeddable":true,"href":"https:\/\/islam.pri.ee\/index.php?rest_route=%2Fwp%2Fv2%2Fcomments&post=1250"}],"version-history":[{"count":1,"href":"https:\/\/islam.pri.ee\/index.php?rest_route=\/wp\/v2\/posts\/1250\/revisions"}],"predecessor-version":[{"id":1251,"href":"https:\/\/islam.pri.ee\/index.php?rest_route=\/wp\/v2\/posts\/1250\/revisions\/1251"}],"wp:attachment":[{"href":"https:\/\/islam.pri.ee\/index.php?rest_route=%2Fwp%2Fv2%2Fmedia&parent=1250"}],"wp:term":[{"taxonomy":"category","embeddable":true,"href":"https:\/\/islam.pri.ee\/index.php?rest_route=%2Fwp%2Fv2%2Fcategories&post=1250"},{"taxonomy":"post_tag","embeddable":true,"href":"https:\/\/islam.pri.ee\/index.php?rest_route=%2Fwp%2Fv2%2Ftags&post=1250"}],"curies":[{"name":"wp","href":"https:\/\/api.w.org\/{rel}","templated":true}]}}